{"id":13845,"date":"2024-07-15T12:06:48","date_gmt":"2024-07-15T10:06:48","guid":{"rendered":"https:\/\/www.centreromanic.com\/noticia\/opening-of-sta-maria-de-cardet-and-assumpcio-de-coll\/"},"modified":"2024-07-15T12:06:48","modified_gmt":"2024-07-15T10:06:48","slug":"opening-of-sta-maria-de-cardet-and-assumpcio-de-coll","status":"publish","type":"noticia","link":"https:\/\/www.centreromanic.com\/en\/news\/opening-of-sta-maria-de-cardet-and-assumpcio-de-coll\/","title":{"rendered":"Opening of Sta. Maria de Cardet and Assumpci\u00f3 de C\u00f3ll"},"content":{"rendered":"<p>Starting Wednesday, July 17, the churches of Santa Maria de Cardet and Assumption de C\u00f3ll will be open to visitors.<\/p>\n<p>Opening hours:<\/p>\n<p>Wednesday to Sunday, from the 17th of July to the 1st of September<\/p>\n<p>Sta. Maria de Cardet &#8211; from 10 AM to 2 PM<\/p>\n<p>Assumpci\u00f3 de C\u00f3ll &#8211; from 4 PM to 8 PM<\/p>\n","protected":false},"featured_media":7788,"template":"","class_list":["post-13845","noticia","type-noticia","status-publish","has-post-thumbnail","hentry"],"aioseo_notices":[],"_links":{"self":[{"href":"https:\/\/www.centreromanic.com\/en\/wp-json\/wp\/v2\/noticia\/13845","targetHints":{"allow":["GET"]}}],"collection":[{"href":"https:\/\/www.centreromanic.com\/en\/wp-json\/wp\/v2\/noticia"}],"about":[{"href":"https:\/\/www.centreromanic.com\/en\/wp-json\/wp\/v2\/types\/noticia"}],"wp:featuredmedia":[{"embeddable":true,"href":"https:\/\/www.centreromanic.com\/en\/wp-json\/wp\/v2\/media\/7788"}],"wp:attachment":[{"href":"https:\/\/www.centreromanic.com\/en\/wp-json\/wp\/v2\/media?parent=13845"}],"curies":[{"name":"wp","href":"https:\/\/api.w.org\/{rel}","templated":true}]}}