{"id":13844,"date":"2024-07-15T12:06:48","date_gmt":"2024-07-15T10:06:48","guid":{"rendered":"https:\/\/www.centreromanic.com\/noticia\/obertura-de-sta-maria-de-cardet-i-la-assumpcio-de-coll\/"},"modified":"2024-07-15T12:06:48","modified_gmt":"2024-07-15T10:06:48","slug":"obertura-de-sta-maria-de-cardet-i-la-assumpcio-de-coll","status":"publish","type":"noticia","link":"https:\/\/www.centreromanic.com\/es\/noticia\/obertura-de-sta-maria-de-cardet-i-la-assumpcio-de-coll\/","title":{"rendered":"Obertura de Sta. Maria de Cardet i la Assumpci\u00f3 de C\u00f3ll"},"content":{"rendered":"<p>A partir del mi\u00e9rcoles 17 de julio, las iglesias de Santa Maria de Cardet i la Assumpci\u00f3 de C\u00f3ll estaran abiertas a los visitantes.<\/p>\n<p>Horarios:<\/p>\n<p>De mi\u00e9rcoles a domingo, del 17 de julio al 1 de setiembre<\/p>\n<p>Sta. Maria de Cardet &#8211; de 10 a 14h<\/p>\n<p>Assumpci\u00f3 de C\u00f3ll &#8211; de 16 a 20h<\/p>\n","protected":false},"featured_media":7790,"template":"","class_list":["post-13844","noticia","type-noticia","status-publish","has-post-thumbnail","hentry"],"aioseo_notices":[],"_links":{"self":[{"href":"https:\/\/www.centreromanic.com\/es\/wp-json\/wp\/v2\/noticia\/13844","targetHints":{"allow":["GET"]}}],"collection":[{"href":"https:\/\/www.centreromanic.com\/es\/wp-json\/wp\/v2\/noticia"}],"about":[{"href":"https:\/\/www.centreromanic.com\/es\/wp-json\/wp\/v2\/types\/noticia"}],"wp:featuredmedia":[{"embeddable":true,"href":"https:\/\/www.centreromanic.com\/es\/wp-json\/wp\/v2\/media\/7790"}],"wp:attachment":[{"href":"https:\/\/www.centreromanic.com\/es\/wp-json\/wp\/v2\/media?parent=13844"}],"curies":[{"name":"wp","href":"https:\/\/api.w.org\/{rel}","templated":true}]}}