{"id":16424,"date":"2026-03-12T16:03:17","date_gmt":"2026-03-12T14:03:17","guid":{"rendered":"https:\/\/www.centreromanic.com\/noticia\/el-viatge-invers\/"},"modified":"2026-03-12T16:03:17","modified_gmt":"2026-03-12T14:03:17","slug":"el-viatge-invers","status":"publish","type":"noticia","link":"https:\/\/www.centreromanic.com\/es\/noticia\/el-viatge-invers\/","title":{"rendered":"El viatge invers"},"content":{"rendered":"<p>Desde Santa Maria de Ta\u00fcll, Ona Ball\u00f3 nos comparte el proyecto en el que est\u00e1 trabajando: <em>El viatge invers<\/em>, una propuesta que nace de la riqueza inmaterial que a\u00fan habita las iglesias de los valles, y que este oto\u00f1o se podr\u00e1 descubrir en las salas de Rom\u00e1nico del Museu Nacional d&#8217;Art de Catalunya. Despu\u00e9s de un d\u00eda de gravaci\u00f3n con la participaci\u00f3n de Marc Vilajuana y los vecinos de Ta\u00fcll, que han hecho resurgir la ac\u00fastica de la iglesia, el proyecto contin\u00faa tomando forma. Muchas gracias a todos los participantes. \u00a1Comptamos los d\u00edas para ver el resultado!<\/p>\n<div style=\"width: 800px;\" class=\"wp-video\"><video class=\"wp-video-shortcode\" id=\"video-16424-1\" width=\"800\" height=\"1422\" preload=\"metadata\" controls=\"controls\"><source type=\"video\/mp4\" src=\"https:\/\/www.centreromanic.com\/wp-content\/uploads\/2026\/03\/ONA-BALLO.mp4?_=1\" \/><a href=\"https:\/\/www.centreromanic.com\/wp-content\/uploads\/2026\/03\/ONA-BALLO.mp4\">https:\/\/www.centreromanic.com\/wp-content\/uploads\/2026\/03\/ONA-BALLO.mp4<\/a><\/video><\/div>\n","protected":false},"featured_media":16419,"template":"","class_list":["post-16424","noticia","type-noticia","status-publish","has-post-thumbnail","hentry"],"aioseo_notices":[],"_links":{"self":[{"href":"https:\/\/www.centreromanic.com\/es\/wp-json\/wp\/v2\/noticia\/16424","targetHints":{"allow":["GET"]}}],"collection":[{"href":"https:\/\/www.centreromanic.com\/es\/wp-json\/wp\/v2\/noticia"}],"about":[{"href":"https:\/\/www.centreromanic.com\/es\/wp-json\/wp\/v2\/types\/noticia"}],"wp:featuredmedia":[{"embeddable":true,"href":"https:\/\/www.centreromanic.com\/es\/wp-json\/wp\/v2\/media\/16419"}],"wp:attachment":[{"href":"https:\/\/www.centreromanic.com\/es\/wp-json\/wp\/v2\/media?parent=16424"}],"curies":[{"name":"wp","href":"https:\/\/api.w.org\/{rel}","templated":true}]}}